{"id":6039,"date":"2025-10-20T17:30:51","date_gmt":"2025-10-20T17:30:51","guid":{"rendered":"https:\/\/www.skupina75.it\/?p=6039"},"modified":"2025-10-20T17:54:47","modified_gmt":"2025-10-20T17:54:47","slug":"fotografska-razstava-enzo-tedeschi-3","status":"publish","type":"post","link":"https:\/\/www.skupina75.it\/it\/razstave\/fotografska-razstava-enzo-tedeschi-3\/","title":{"rendered":"Mostra fotografica, Enzo Tedeschi: PLATFORM"},"content":{"rendered":"<p><\/p>\n<h4 style=\"text-align: center;\">Inaugurazione mostra\u00a0<strong>FOTOGRAFIE<\/strong><\/h4>\n<p style=\"text-align: center;\">Fondo Zanussi\/Electrolux Archivio CRAF, Spilinbergo (Pn)<\/p>\n<p style=\"text-align: center;\"><strong>Enzo Tedeschi<\/strong><\/p>\n<p style=\"text-align: center;\">Gioved\u00ec, 23.10.2025 &#8211; 11.00<br \/>\nGorizia, Kulturni dom<br \/>\nVia Italico Brass, 20<\/p>\n<p style=\"text-align: center;\">Luned\u00ec &#8211; Venerd\u00ec, 10.00 &#8211; 13.00 \/ 15.00 &#8211; 18.00<br \/>\ne durante gli eventi<br \/>\nMostra visitabile fino al 7 novembre<\/p>\n<p><a href=\"http:\/\/www.skupina75.it\/wp-content\/uploads\/2025\/10\/invito.jpg\" data-rel=\"lightbox-image-0\" data-rl_title=\"\" data-rl_caption=\"\" title=\"\"><img loading=\"lazy\" decoding=\"async\" class=\"alignnone size-medium wp-image-6042 aligncenter\" src=\"http:\/\/www.skupina75.it\/wp-content\/uploads\/2025\/10\/invito-216x288.jpg\" alt=\"\" width=\"216\" height=\"288\" srcset=\"https:\/\/www.skupina75.it\/wp-content\/uploads\/2025\/10\/invito-216x288.jpg 216w, https:\/\/www.skupina75.it\/wp-content\/uploads\/2025\/10\/invito-371x494.jpg 371w, https:\/\/www.skupina75.it\/wp-content\/uploads\/2025\/10\/invito.jpg 750w\" sizes=\"auto, (max-width: 216px) 100vw, 216px\" \/><\/a><\/p>","protected":false},"excerpt":{"rendered":"<p>Inaugurazione mostra\u00a0FOTOGRAFIE Fondo Zanussi\/Electrolux Archivio CRAF, Spilinbergo (Pn) Enzo Tedeschi Gioved\u00ec, 23.10.2025 &#8211; 11.00 Gorizia, Kulturni dom Via Italico Brass, 20 Luned\u00ec &#8211; Venerd\u00ec, 10.00 &#8211; 13.00 \/ 15.00 &#8211; 18.00 e durante gli eventi Mostra visitabile fino al 7 novembre<\/p>\n","protected":false},"author":4,"featured_media":6040,"comment_status":"closed","ping_status":"closed","sticky":false,"template":"","format":"standard","meta":{"footnotes":""},"categories":[3],"tags":[],"class_list":["post-6039","post","type-post","status-publish","format-standard","has-post-thumbnail","hentry","category-razstave"],"_links":{"self":[{"href":"https:\/\/www.skupina75.it\/it\/wp-json\/wp\/v2\/posts\/6039","targetHints":{"allow":["GET"]}}],"collection":[{"href":"https:\/\/www.skupina75.it\/it\/wp-json\/wp\/v2\/posts"}],"about":[{"href":"https:\/\/www.skupina75.it\/it\/wp-json\/wp\/v2\/types\/post"}],"author":[{"embeddable":true,"href":"https:\/\/www.skupina75.it\/it\/wp-json\/wp\/v2\/users\/4"}],"replies":[{"embeddable":true,"href":"https:\/\/www.skupina75.it\/it\/wp-json\/wp\/v2\/comments?post=6039"}],"version-history":[{"count":7,"href":"https:\/\/www.skupina75.it\/it\/wp-json\/wp\/v2\/posts\/6039\/revisions"}],"predecessor-version":[{"id":6048,"href":"https:\/\/www.skupina75.it\/it\/wp-json\/wp\/v2\/posts\/6039\/revisions\/6048"}],"wp:featuredmedia":[{"embeddable":true,"href":"https:\/\/www.skupina75.it\/it\/wp-json\/wp\/v2\/media\/6040"}],"wp:attachment":[{"href":"https:\/\/www.skupina75.it\/it\/wp-json\/wp\/v2\/media?parent=6039"}],"wp:term":[{"taxonomy":"category","embeddable":true,"href":"https:\/\/www.skupina75.it\/it\/wp-json\/wp\/v2\/categories?post=6039"},{"taxonomy":"post_tag","embeddable":true,"href":"https:\/\/www.skupina75.it\/it\/wp-json\/wp\/v2\/tags?post=6039"}],"curies":[{"name":"wp","href":"https:\/\/api.w.org\/{rel}","templated":true}]}}