{"id":4482,"date":"2021-09-13T09:13:10","date_gmt":"2021-09-13T09:13:10","guid":{"rendered":"http:\/\/www.skupina75.it\/?p=4482"},"modified":"2021-09-13T09:20:09","modified_gmt":"2021-09-13T09:20:09","slug":"poletje-v-sklocu-nagrajevanje-natecaja-in-otvoritev-razstave","status":"publish","type":"post","link":"https:\/\/www.skupina75.it\/it\/razstave\/poletje-v-sklocu-nagrajevanje-natecaja-in-otvoritev-razstave\/","title":{"rendered":"Poletje v \u0161klocu: nagrajevanje nate\u010daja in otvoritev razstave"},"content":{"rendered":"<p style=\"text-align: center;\">Vabimo vas na otvoritev fotografske razstave Moje poletje in na nagrajevanje fotografskega nate\u010daja za mlade Poletje v \u0161klocu:<\/p>\n<p style=\"text-align: center;\">v torek, 14. septembra 2021,\u00a0ob 20.00<\/p>\n<p style=\"text-align: center;\">na sede\u017eu k.d. Bri\u0161ki gri\u010d v \u0160teverjanu.<\/p>\n<p><a href=\"http:\/\/www.skupina75.it\/wp-content\/uploads\/2021\/09\/IMG-20210907-WA0002.jpg\" data-rel=\"lightbox-image-0\" data-rl_title=\"\" data-rl_caption=\"\" title=\"\"><img loading=\"lazy\" decoding=\"async\" class=\"alignnone size-medium wp-image-4484 aligncenter\" src=\"http:\/\/www.skupina75.it\/wp-content\/uploads\/2021\/09\/IMG-20210907-WA0002-288x288.jpg\" alt=\"\" width=\"288\" height=\"288\" srcset=\"https:\/\/www.skupina75.it\/wp-content\/uploads\/2021\/09\/IMG-20210907-WA0002-288x288.jpg 288w, https:\/\/www.skupina75.it\/wp-content\/uploads\/2021\/09\/IMG-20210907-WA0002-494x494.jpg 494w, https:\/\/www.skupina75.it\/wp-content\/uploads\/2021\/09\/IMG-20210907-WA0002-200x200.jpg 200w, https:\/\/www.skupina75.it\/wp-content\/uploads\/2021\/09\/IMG-20210907-WA0002-768x768.jpg 768w, https:\/\/www.skupina75.it\/wp-content\/uploads\/2021\/09\/IMG-20210907-WA0002.jpg 1080w\" sizes=\"auto, (max-width: 288px) 100vw, 288px\" \/><\/a><\/p>\n","protected":false},"excerpt":{"rendered":"<p>Vabimo vas na otvoritev fotografske razstave Moje poletje in na nagrajevanje fotografskega nate\u010daja za mlade Poletje v \u0161klocu: v torek, 14. septembra 2021,\u00a0ob 20.00 na sede\u017eu k.d. Bri\u0161ki gri\u010d v \u0160teverjanu.<\/p>\n","protected":false},"author":4,"featured_media":4486,"comment_status":"closed","ping_status":"closed","sticky":false,"template":"","format":"standard","meta":{"footnotes":""},"categories":[7,3],"tags":[],"class_list":["post-4482","post","type-post","status-publish","format-standard","has-post-thumbnail","hentry","category-natecaj","category-razstave"],"_links":{"self":[{"href":"https:\/\/www.skupina75.it\/it\/wp-json\/wp\/v2\/posts\/4482","targetHints":{"allow":["GET"]}}],"collection":[{"href":"https:\/\/www.skupina75.it\/it\/wp-json\/wp\/v2\/posts"}],"about":[{"href":"https:\/\/www.skupina75.it\/it\/wp-json\/wp\/v2\/types\/post"}],"author":[{"embeddable":true,"href":"https:\/\/www.skupina75.it\/it\/wp-json\/wp\/v2\/users\/4"}],"replies":[{"embeddable":true,"href":"https:\/\/www.skupina75.it\/it\/wp-json\/wp\/v2\/comments?post=4482"}],"version-history":[{"count":3,"href":"https:\/\/www.skupina75.it\/it\/wp-json\/wp\/v2\/posts\/4482\/revisions"}],"predecessor-version":[{"id":4488,"href":"https:\/\/www.skupina75.it\/it\/wp-json\/wp\/v2\/posts\/4482\/revisions\/4488"}],"wp:featuredmedia":[{"embeddable":true,"href":"https:\/\/www.skupina75.it\/it\/wp-json\/wp\/v2\/media\/4486"}],"wp:attachment":[{"href":"https:\/\/www.skupina75.it\/it\/wp-json\/wp\/v2\/media?parent=4482"}],"wp:term":[{"taxonomy":"category","embeddable":true,"href":"https:\/\/www.skupina75.it\/it\/wp-json\/wp\/v2\/categories?post=4482"},{"taxonomy":"post_tag","embeddable":true,"href":"https:\/\/www.skupina75.it\/it\/wp-json\/wp\/v2\/tags?post=4482"}],"curies":[{"name":"wp","href":"https:\/\/api.w.org\/{rel}","templated":true}]}}