{"id":5818,"date":"2025-09-02T11:46:29","date_gmt":"2025-09-02T11:46:29","guid":{"rendered":"https:\/\/www.skupina75.it\/?p=5818"},"modified":"2025-09-12T12:43:28","modified_gmt":"2025-09-12T12:43:28","slug":"skupinska-fotografska-razstava-brez-objektiva","status":"publish","type":"post","link":"http:\/\/www.skupina75.it\/it\/razstave\/skupinska-fotografska-razstava-brez-objektiva\/","title":{"rendered":"Mostra fotografica, Skupina75: LensLess"},"content":{"rendered":"<p><\/p>\n<p style=\"text-align: center;\"><strong>Fotoklub Skupina75 &#8211; Gorica:\u00a0<\/strong><\/p>\n<p style=\"text-align: center;\"><span style=\"color: #0000ff;\"><strong>BREZ OBJEKTIVA &#8211; LensLess (<\/strong><\/span><span style=\"color: #0000ff;\"><strong>Fotografiranje z luknji\u010darko)<\/strong><\/span><\/p>\n<p style=\"text-align: center;\">Il Consiglio della Comunit\u00e0 locale di Nova Gorica vi invita all&#8217;inaugurazione della mostra fotografica dei soci del Fotoklub Skupina 75 &#8211; Gorizia:<\/p>\n<p style=\"text-align: center;\">marted\u00ec 9 settembre 2025 alle ore 19:00 presso la galleria FRNA\u017dA, Erjav\u010deva ulica 4, Nova Gorica.<\/p>\n<p style=\"text-align: center;\">Intermezzo musicale: Gal Furlan &#8211; percussioni<\/p>\n<p style=\"text-align: center;\">La mostra sar\u00e0 visitabile fino al 30 settembre 2025.<br \/>\nOrari della galleria: marted\u00ec e gioved\u00ec, dalle 8:00 alle 15:00.<\/p>\n<p>ids=&#8221;5832,5833,5933,5931,5910,5926,5930,5942,5902,5936,5911,5903,5922,5904,5905,5907,5908,5909,5915,5912,5913,5924,5918,5937,5923,5928,5927,5925,5934,5935,5938,5939,5944,5945,5916,5929,5921,5920,5940,5906,5919,5941,5901,5917&#8243;]<\/p>","protected":false},"excerpt":{"rendered":"<p>Fotoklub Skupina75 &#8211; Gorica:\u00a0 BREZ OBJEKTIVA &#8211; LensLess (Fotografiranje z luknji\u010darko) Il Consiglio della Comunit\u00e0 locale di Nova Gorica vi invita all&#8217;inaugurazione della mostra fotografica dei soci del Fotoklub Skupina 75 &#8211; Gorizia: marted\u00ec 9 settembre 2025 alle ore 19:00 presso la galleria FRNA\u017dA, Erjav\u010deva ulica 4, Nova Gorica. Intermezzo musicale: Gal Furlan &#8211; percussioni [&hellip;]<\/p>\n","protected":false},"author":4,"featured_media":5857,"comment_status":"closed","ping_status":"closed","sticky":false,"template":"","format":"standard","meta":{"footnotes":""},"categories":[3],"tags":[],"class_list":["post-5818","post","type-post","status-publish","format-standard","has-post-thumbnail","hentry","category-razstave"],"_links":{"self":[{"href":"http:\/\/www.skupina75.it\/it\/wp-json\/wp\/v2\/posts\/5818","targetHints":{"allow":["GET"]}}],"collection":[{"href":"http:\/\/www.skupina75.it\/it\/wp-json\/wp\/v2\/posts"}],"about":[{"href":"http:\/\/www.skupina75.it\/it\/wp-json\/wp\/v2\/types\/post"}],"author":[{"embeddable":true,"href":"http:\/\/www.skupina75.it\/it\/wp-json\/wp\/v2\/users\/4"}],"replies":[{"embeddable":true,"href":"http:\/\/www.skupina75.it\/it\/wp-json\/wp\/v2\/comments?post=5818"}],"version-history":[{"count":17,"href":"http:\/\/www.skupina75.it\/it\/wp-json\/wp\/v2\/posts\/5818\/revisions"}],"predecessor-version":[{"id":5948,"href":"http:\/\/www.skupina75.it\/it\/wp-json\/wp\/v2\/posts\/5818\/revisions\/5948"}],"wp:featuredmedia":[{"embeddable":true,"href":"http:\/\/www.skupina75.it\/it\/wp-json\/wp\/v2\/media\/5857"}],"wp:attachment":[{"href":"http:\/\/www.skupina75.it\/it\/wp-json\/wp\/v2\/media?parent=5818"}],"wp:term":[{"taxonomy":"category","embeddable":true,"href":"http:\/\/www.skupina75.it\/it\/wp-json\/wp\/v2\/categories?post=5818"},{"taxonomy":"post_tag","embeddable":true,"href":"http:\/\/www.skupina75.it\/it\/wp-json\/wp\/v2\/tags?post=5818"}],"curies":[{"name":"wp","href":"https:\/\/api.w.org\/{rel}","templated":true}]}}